{"id":1050,"date":"2026-02-11T04:41:52","date_gmt":"2026-02-11T04:41:52","guid":{"rendered":"https:\/\/eskigazeteci.com\/?p=1050"},"modified":"2026-02-11T04:41:52","modified_gmt":"2026-02-11T04:41:52","slug":"maxwellin-guney-kaliforniya-hapishanede-cikisi","status":"publish","type":"post","link":"https:\/\/eskigazeteci.com\/?p=1050","title":{"rendered":"Maxwell&#8217;\u0131n G\u00fcney Kaliforniya Hapishanede \u00c7\u0131k\u0131\u015f\u0131"},"content":{"rendered":"<p>Ghislaine Maxwell, Jeffrey Epstein soru\u015fturmas\u0131n\u0131n soru\u015fturulmad\u0131\u011f\u0131ndan \u00f6nce G\u00fcney Teksas&#x27;taki hapishanesinden video konferans y\u00f6ntemiyle \u00e7\u0131kt\u0131. Komite&#x27;nin Epstein soru\u015fturmas\u0131na ili\u015fkin sorular\u0131n\u0131 Maxwell&#x27;a aksatmak i\u00e7in &#x27;susma hakk\u0131&#x27;\u0131n\u0131 kullanmay\u0131 reddetti. Maxwell, Komite&#x27;nin &#x27;sosyal ger\u00e7e\u011fi&#x27; duymaks\u0131z\u0131n ABD Anayasas\u0131&#x27;n\u0131n kendi sorumluluklar\u0131na verdi\u011fi &#x27;susma hakk\u0131&#x27;y\u0131 kullanmam\u0131\u015f oldu\u011funu belirtti.<\/p>\n","protected":false},"excerpt":{"rendered":"<p>A\u00e7\u0131k\u00e7a Maxwell&#8217;in G\u00fcney Teksas&#8217;taki hapishanesinden \u00e7\u0131k\u0131\u015f\u0131 belirterek Komite&#8217;nin soru\u015fturmas\u0131na ili\u015fkin sorular\u0131n\u0131 aksatmak i\u00e7in video konferans yoluyla \u00e7\u0131kt\u0131.<\/p>\n","protected":false},"author":2,"featured_media":1049,"comment_status":"open","ping_status":"open","sticky":false,"template":"","format":"standard","meta":{"footnotes":""},"categories":[8,6,5],"tags":[],"class_list":["post-1050","post","type-post","status-publish","format-standard","has-post-thumbnail","hentry","category-arsiv","category-gundem","category-son-dakika"],"_links":{"self":[{"href":"https:\/\/eskigazeteci.com\/index.php?rest_route=\/wp\/v2\/posts\/1050","targetHints":{"allow":["GET"]}}],"collection":[{"href":"https:\/\/eskigazeteci.com\/index.php?rest_route=\/wp\/v2\/posts"}],"about":[{"href":"https:\/\/eskigazeteci.com\/index.php?rest_route=\/wp\/v2\/types\/post"}],"author":[{"embeddable":true,"href":"https:\/\/eskigazeteci.com\/index.php?rest_route=\/wp\/v2\/users\/2"}],"replies":[{"embeddable":true,"href":"https:\/\/eskigazeteci.com\/index.php?rest_route=%2Fwp%2Fv2%2Fcomments&post=1050"}],"version-history":[{"count":0,"href":"https:\/\/eskigazeteci.com\/index.php?rest_route=\/wp\/v2\/posts\/1050\/revisions"}],"wp:featuredmedia":[{"embeddable":true,"href":"https:\/\/eskigazeteci.com\/index.php?rest_route=\/wp\/v2\/media\/1049"}],"wp:attachment":[{"href":"https:\/\/eskigazeteci.com\/index.php?rest_route=%2Fwp%2Fv2%2Fmedia&parent=1050"}],"wp:term":[{"taxonomy":"category","embeddable":true,"href":"https:\/\/eskigazeteci.com\/index.php?rest_route=%2Fwp%2Fv2%2Fcategories&post=1050"},{"taxonomy":"post_tag","embeddable":true,"href":"https:\/\/eskigazeteci.com\/index.php?rest_route=%2Fwp%2Fv2%2Ftags&post=1050"}],"curies":[{"name":"wp","href":"https:\/\/api.w.org\/{rel}","templated":true}]}}