{"id":1046,"date":"2026-02-11T04:39:22","date_gmt":"2026-02-11T04:39:22","guid":{"rendered":"https:\/\/eskigazeteci.com\/?p=1046"},"modified":"2026-02-11T04:39:22","modified_gmt":"2026-02-11T04:39:22","slug":"israilden-termal-silah-dehseti-gazzede-bombalardan-3-bin-kisi-buharlasmis","status":"publish","type":"post","link":"https:\/\/eskigazeteci.com\/?p=1046","title":{"rendered":"\u0130srail\u2019den termal silah deh\u015feti\u2026 Gazze\u2019de bombalardan 3 bin ki\u015fi \u2018buharla\u015fm\u0131\u015f\u2019"},"content":{"rendered":"<p>Al Jazeera\u2019nin \u00f6zel haberine g\u00f6re \u0130srail\u2019in kulland\u0131\u011f\u0131 baz\u0131 bombalar 2500 ila 3500 derece aras\u0131nda \u0131s\u0131 yaratarak, etki alan\u0131nda bulunan ki\u015filerin geride neredeyse hi\u00e7bir biyolojik iz b\u0131rakmadan \u00f6lmesine neden oluyor. Gazze\u2019deki Sivil Savunma ekiplerinin kay\u0131tlar\u0131na g\u00f6re Ekim 2023\u2019ten bu yana Filistinli can kay\u0131plar\u0131ndan 2842\u2019si \u201cbuharla\u015fm\u0131\u015f\u201d.<\/p>\n<p>KULLANIMI SAVA\u015e SU\u00c7U<\/p>\n<p>Bu korkun\u00e7 kay\u0131plara neden olan ise \u0130srail\u2019in sistematik bi\u00e7imde kulland\u0131\u011f\u0131 termal ve termobarik silahlar. 900 kiloluk MK-84 Hammer, BLU-190 s\u0131\u011f\u0131nak delici bomba, GBU-39 gibi a\u011f\u0131r bombalar\u0131n Gazze \u015eeridi\u2019ne y\u00f6nelik sald\u0131r\u0131larda daha \u00f6nce kullan\u0131ld\u0131\u011f\u0131 biliniyor. AJ\u2019ye konu\u015fan Rus askeri uzman Vasiliy Fatigarov, bu m\u00fchimmatlar\u0131n yak\u0131t bulutu olu\u015fturarak patlad\u0131\u011f\u0131n\u0131, vakum etkisi ve devasa bir ate\u015f topu yaratt\u0131\u011f\u0131n\u0131 anlat\u0131yor. Gazze Sa\u011fl\u0131k Genel M\u00fcd\u00fcr\u00fc M\u00fcnir el-Bur\u015f, insan v\u00fccudunun y\u00fczde 80\u2019inin sudan olu\u015ftu\u011funu hat\u0131rlatarak, bu d\u00fczeyde \u0131s\u0131 ve bas\u0131n\u00e7 alt\u0131nda dokular\u0131n buharla\u015f\u0131p k\u00fcl haline geldi\u011fini s\u00f6yl\u00fcyor. \u00d6te yandan hukuk\u00e7ular, bu tip m\u00fchimmatlar\u0131n sava\u015f\u00e7\u0131-sivil ayr\u0131m\u0131 yapmad\u0131\u011f\u0131na dikkati \u00e7ekerek, sava\u015f su\u00e7u anlam\u0131na gelece\u011fini s\u00f6yl\u00fcyor.<\/p>\n<p>Yurtd\u0131\u015f\u0131nda ya\u015fanan en son olaylar, d\u00fcnya g\u00fcndemine oturan d\u0131\u015f haberler, son&#8230;<\/p>\n","protected":false},"excerpt":{"rendered":"<p>GAZZE \u015eeridi\u2019nde 7 Ekim 2023\u2019te ba\u015flayan sava\u015fta bug\u00fcne kadar 72 binden fazla Filistinli \u0130srail sald\u0131r\u0131lar\u0131nda hayat\u0131n\u0131 kaybederken, bunlardan yakla\u015f\u0131k 3&#8230;<\/p>\n","protected":false},"author":2,"featured_media":1045,"comment_status":"open","ping_status":"open","sticky":false,"template":"","format":"standard","meta":{"footnotes":""},"categories":[8,6,5],"tags":[],"class_list":["post-1046","post","type-post","status-publish","format-standard","has-post-thumbnail","hentry","category-arsiv","category-gundem","category-son-dakika"],"_links":{"self":[{"href":"https:\/\/eskigazeteci.com\/index.php?rest_route=\/wp\/v2\/posts\/1046","targetHints":{"allow":["GET"]}}],"collection":[{"href":"https:\/\/eskigazeteci.com\/index.php?rest_route=\/wp\/v2\/posts"}],"about":[{"href":"https:\/\/eskigazeteci.com\/index.php?rest_route=\/wp\/v2\/types\/post"}],"author":[{"embeddable":true,"href":"https:\/\/eskigazeteci.com\/index.php?rest_route=\/wp\/v2\/users\/2"}],"replies":[{"embeddable":true,"href":"https:\/\/eskigazeteci.com\/index.php?rest_route=%2Fwp%2Fv2%2Fcomments&post=1046"}],"version-history":[{"count":0,"href":"https:\/\/eskigazeteci.com\/index.php?rest_route=\/wp\/v2\/posts\/1046\/revisions"}],"wp:featuredmedia":[{"embeddable":true,"href":"https:\/\/eskigazeteci.com\/index.php?rest_route=\/wp\/v2\/media\/1045"}],"wp:attachment":[{"href":"https:\/\/eskigazeteci.com\/index.php?rest_route=%2Fwp%2Fv2%2Fmedia&parent=1046"}],"wp:term":[{"taxonomy":"category","embeddable":true,"href":"https:\/\/eskigazeteci.com\/index.php?rest_route=%2Fwp%2Fv2%2Fcategories&post=1046"},{"taxonomy":"post_tag","embeddable":true,"href":"https:\/\/eskigazeteci.com\/index.php?rest_route=%2Fwp%2Fv2%2Ftags&post=1046"}],"curies":[{"name":"wp","href":"https:\/\/api.w.org\/{rel}","templated":true}]}}