{"id":1040,"date":"2026-02-11T04:35:02","date_gmt":"2026-02-11T04:35:02","guid":{"rendered":"https:\/\/eskigazeteci.com\/?p=1040"},"modified":"2026-02-11T04:35:02","modified_gmt":"2026-02-11T04:35:02","slug":"kuresel-turizmde-soz-sahibiyiz","status":"publish","type":"post","link":"https:\/\/eskigazeteci.com\/?p=1040","title":{"rendered":"\u2018K\u00fcresel turizmde s\u00f6z sahibiyiz\u2019"},"content":{"rendered":"<p>T\u00fcrkiye Turizm Yat\u0131r\u0131mc\u0131lar\u0131 Derne\u011fi (TTYD) taraf\u0131ndan 5\u2019incisi d\u00fczenlenen Turizm Yat\u0131r\u0131m Forumu &#8211; TIF 2026, K\u00fclt\u00fcr ve Turizm Bakan\u0131 Mehmet Nuri Ersoy\u2019un kat\u0131l\u0131m\u0131yla ger\u00e7ekle\u015ftirildi. Foruma TTYD Ba\u015fkan\u0131 Oya Narin, T\u00fcrkiye \u0130\u015f Bankas\u0131 Genel M\u00fcd\u00fcr\u00fc Hakan Aran, \u0130stanbul Ticaret Odas\u0131 (\u0130TO) Ba\u015fkan\u0131 \u015eekib Avdagi\u00e7\u2019in yan\u0131 s\u0131ra \u00e7ok say\u0131da turizm yat\u0131r\u0131mc\u0131s\u0131 ve b\u00fcrokrat kat\u0131ld\u0131.<\/p>\n<p>Konu\u015fmas\u0131nda k\u00fcresel \u00f6l\u00e7ekte ekonomik, siyasi ve jeopolitik belirsizliklerin yo\u011funla\u015ft\u0131\u011f\u0131 bir d\u00f6nemden ge\u00e7ildi\u011fini, T\u00fcrkiye\u2019nin de krizleri y\u00f6netme konusunda g\u00fc\u00e7l\u00fc bir refleks kazand\u0131\u011f\u0131n\u0131 vurgulayan Bakan Ersoy, \u201cS\u00f6z konusu dayan\u0131kl\u0131l\u0131k, turizm sekt\u00f6r\u00fcm\u00fcz ile yat\u0131r\u0131m ortam\u0131m\u0131za da do\u011frudan etki etmektedir. Turizmi 12 aya ve 81 ile yayma hedefimizin her basama\u011f\u0131n\u0131 emin ad\u0131mlarla; \u00f6rnek ba\u015far\u0131 hik\u00e2yeleri ve rekorlarla t\u0131rmanmaya devam ediyoruz\u201d ifadelerini kulland\u0131.<\/p>\n<p>\u2018YEN\u0130 HEDEFLERE ODAKLANMALIYIZ\u2019<\/p>\n<p>\u0130stanbul\u2019un en \u00f6nemli iki simgesi olan Haydarpa\u015fa ve Sirkeci Gar sahalar\u0131n\u0131 k\u00fclt\u00fcrel mirasa dahil ettiklerini belirten Mehmet Nuri Ersoy , di\u011fer yeni yat\u0131r\u0131mlar\u0131 \u015f\u00f6yle s\u0131ralad\u0131:<\/p>\n<p>* \u201cDiyarbak\u0131r E Tipi Kapal\u0131 Cezaevi\u2019ni m\u00fcze, tiyatro salonu, konferans salonu, at\u00f6lyeler, k\u00fct\u00fcphane ve a\u00e7\u0131k hava etkinlik alanlar\u0131n\u0131 i\u00e7eren&#8230;<\/p>\n","protected":false},"excerpt":{"rendered":"<p>Turizm yat\u0131r\u0131mc\u0131lar\u0131na hitap eden K\u00fclt\u00fcr ve Turizm Bakan\u0131 Ersoy, T\u00fcrkiye\u2019nin k\u00fcresel turizm politikalar\u0131n\u0131n ve yat\u0131r\u0131m kararlar\u0131n\u0131n \u015fekillenmesinde s\u00f6z&#8230;<\/p>\n","protected":false},"author":2,"featured_media":1039,"comment_status":"open","ping_status":"open","sticky":false,"template":"","format":"standard","meta":{"footnotes":""},"categories":[8,6,5],"tags":[],"class_list":["post-1040","post","type-post","status-publish","format-standard","has-post-thumbnail","hentry","category-arsiv","category-gundem","category-son-dakika"],"_links":{"self":[{"href":"https:\/\/eskigazeteci.com\/index.php?rest_route=\/wp\/v2\/posts\/1040","targetHints":{"allow":["GET"]}}],"collection":[{"href":"https:\/\/eskigazeteci.com\/index.php?rest_route=\/wp\/v2\/posts"}],"about":[{"href":"https:\/\/eskigazeteci.com\/index.php?rest_route=\/wp\/v2\/types\/post"}],"author":[{"embeddable":true,"href":"https:\/\/eskigazeteci.com\/index.php?rest_route=\/wp\/v2\/users\/2"}],"replies":[{"embeddable":true,"href":"https:\/\/eskigazeteci.com\/index.php?rest_route=%2Fwp%2Fv2%2Fcomments&post=1040"}],"version-history":[{"count":0,"href":"https:\/\/eskigazeteci.com\/index.php?rest_route=\/wp\/v2\/posts\/1040\/revisions"}],"wp:featuredmedia":[{"embeddable":true,"href":"https:\/\/eskigazeteci.com\/index.php?rest_route=\/wp\/v2\/media\/1039"}],"wp:attachment":[{"href":"https:\/\/eskigazeteci.com\/index.php?rest_route=%2Fwp%2Fv2%2Fmedia&parent=1040"}],"wp:term":[{"taxonomy":"category","embeddable":true,"href":"https:\/\/eskigazeteci.com\/index.php?rest_route=%2Fwp%2Fv2%2Fcategories&post=1040"},{"taxonomy":"post_tag","embeddable":true,"href":"https:\/\/eskigazeteci.com\/index.php?rest_route=%2Fwp%2Fv2%2Ftags&post=1040"}],"curies":[{"name":"wp","href":"https:\/\/api.w.org\/{rel}","templated":true}]}}