{"id":1036,"date":"2026-02-11T04:32:33","date_gmt":"2026-02-11T04:32:33","guid":{"rendered":"https:\/\/eskigazeteci.com\/?p=1036"},"modified":"2026-02-11T04:32:33","modified_gmt":"2026-02-11T04:32:33","slug":"gencliginde-julia-robertsa-benzerdi-unlu-sef-30-yillik-karisiyla-mutlulugun-tarifini-de-yazmisti-meger-onu-arkadasinin-elinden-almis","status":"publish","type":"post","link":"https:\/\/eskigazeteci.com\/?p=1036","title":{"rendered":"\u2018Gen\u00e7li\u011finde Julia Roberts\u2019a benzerdi\u2019\u2026 \u00dcnl\u00fc \u015fef 30 y\u0131ll\u0131k kar\u0131s\u0131yla mutlulu\u011fun tarifini de yazm\u0131\u015ft\u0131\u2026 Me\u011fer onu arkada\u015f\u0131n\u0131n elinden alm\u0131\u015f!"},"content":{"rendered":"<p>59 ya\u015f\u0131ndaki \u00fcnl\u00fc \u015fef Gordon Ramsay son birka\u00e7 y\u0131ld\u0131r b\u00fcy\u00fcyen ailesi ve bu konuda yapt\u0131\u011f\u0131 yorumlarla g\u00fcndemdeydi.<\/p>\n<p>Gordon Ramsay ve e\u015fi Tana Ramsay d\u00f6rt yeti\u015fkin \u00e7ocuklar\u0131 olduktan sonra s\u00fcrpriz bir haberle Oscar ad\u0131n\u0131 verdikleri bir o\u011fullar\u0131 daha oldu\u011funu duyurmu\u015f, Kas\u0131m 2023\u2019te ise Jesse James ad\u0131n\u0131 verdikleri bir o\u011fullar\u0131 daha do\u011funca 8 ki\u015filik bir aileye d\u00f6n\u00fc\u015fm\u00fc\u015flerdi.<\/p>\n<p>Gordon Ramsay, e\u015finin yeniden hamile kalmas\u0131yla birlikte alt\u0131nc\u0131 \u00e7ocu\u011funun do\u011fmas\u0131n\u0131 beklerken \u201cBeni onun dedesi sanacaklar\u201d diyerek ileri bir ya\u015fta yeniden baba olma konusunda kayg\u0131land\u0131\u011f\u0131n\u0131 itiraf etse de k\u00fc\u00e7\u00fck o\u011flunu kuca\u011f\u0131na ald\u0131ktan sonra t\u00fcm kayg\u0131lar\u0131 u\u00e7up gitmi\u015f, mutluluktan havalara u\u00e7mu\u015ftu.<\/p>\n<p>Jesse&#x27;nin do\u011fumuyla birlikte &quot;3 erkek, 3 k\u0131z, kadro tamamland\u0131&quot; diyerek ailenin art\u0131k son halini ald\u0131\u011f\u0131n\u0131 belirten Gordon Ramsay ge\u00e7en y\u0131l\u0131n sonlar\u0131nda 26 ya\u015f\u0131ndaki k\u0131z\u0131 Holly\u2019yi gelin etti ve bir b\u00fcy\u00fck mutluluk daha ya\u015fad\u0131.<\/p>\n<p>E\u015fi Tana Ramsay\u2019le de bu y\u0131l 30\u2019uncu evlilik y\u0131l d\u00f6n\u00fcmlerini kutlayacak olan \u00fcnl\u00fc \u015fef evlili\u011fiyle ilgili ilgin\u00e7 bir itirafta bulundu\u2026<\/p>\n<p>Gordon Ramsay, 1996\u2019da nikah masas\u0131na oturdu\u011fu e\u015fi Tana&#x27;y\u0131 arkada\u015f\u0131ndan &quot;\u00e7ald\u0131\u011f\u0131n\u0131&quot; ve onu &quot;inan\u0131lmaz derecede g\u00fczel&quot; buldu\u011funu itiraf etti. Ancak&#8230;<\/p>\n","protected":false},"excerpt":{"rendered":"<p>Y\u0131llar y\u0131l\u0131 sundu\u011fu yemek programlar\u0131, pe\u015f pe\u015fe a\u00e7t\u0131\u011f\u0131 ve \u00fcnl\u00fcleri a\u011f\u0131rlad\u0131\u011f\u0131 y\u0131ld\u0131zl\u0131 restoranlar\u0131yla d\u00fcnyan\u0131n ad\u0131 en \u00e7ok bilinen \u015feflerinden biri olmu\u015ftu\u2026&#8230;<\/p>\n","protected":false},"author":2,"featured_media":1035,"comment_status":"open","ping_status":"open","sticky":false,"template":"","format":"standard","meta":{"footnotes":""},"categories":[8,6,5],"tags":[],"class_list":["post-1036","post","type-post","status-publish","format-standard","has-post-thumbnail","hentry","category-arsiv","category-gundem","category-son-dakika"],"_links":{"self":[{"href":"https:\/\/eskigazeteci.com\/index.php?rest_route=\/wp\/v2\/posts\/1036","targetHints":{"allow":["GET"]}}],"collection":[{"href":"https:\/\/eskigazeteci.com\/index.php?rest_route=\/wp\/v2\/posts"}],"about":[{"href":"https:\/\/eskigazeteci.com\/index.php?rest_route=\/wp\/v2\/types\/post"}],"author":[{"embeddable":true,"href":"https:\/\/eskigazeteci.com\/index.php?rest_route=\/wp\/v2\/users\/2"}],"replies":[{"embeddable":true,"href":"https:\/\/eskigazeteci.com\/index.php?rest_route=%2Fwp%2Fv2%2Fcomments&post=1036"}],"version-history":[{"count":0,"href":"https:\/\/eskigazeteci.com\/index.php?rest_route=\/wp\/v2\/posts\/1036\/revisions"}],"wp:featuredmedia":[{"embeddable":true,"href":"https:\/\/eskigazeteci.com\/index.php?rest_route=\/wp\/v2\/media\/1035"}],"wp:attachment":[{"href":"https:\/\/eskigazeteci.com\/index.php?rest_route=%2Fwp%2Fv2%2Fmedia&parent=1036"}],"wp:term":[{"taxonomy":"category","embeddable":true,"href":"https:\/\/eskigazeteci.com\/index.php?rest_route=%2Fwp%2Fv2%2Fcategories&post=1036"},{"taxonomy":"post_tag","embeddable":true,"href":"https:\/\/eskigazeteci.com\/index.php?rest_route=%2Fwp%2Fv2%2Ftags&post=1036"}],"curies":[{"name":"wp","href":"https:\/\/api.w.org\/{rel}","templated":true}]}}