{"id":1034,"date":"2026-02-11T04:31:05","date_gmt":"2026-02-11T04:31:05","guid":{"rendered":"https:\/\/eskigazeteci.com\/?p=1034"},"modified":"2026-02-11T04:31:05","modified_gmt":"2026-02-11T04:31:05","slug":"yerli-arac-sarti-geliyor-ilave-ucretler-kalkiyor-arac-kiralamada-yeni-donem","status":"publish","type":"post","link":"https:\/\/eskigazeteci.com\/?p=1034","title":{"rendered":"Yerli ara\u00e7 \u015fart\u0131 geliyor, ilave \u00fccretler kalk\u0131yor&#8230; Ara\u00e7 kiralamada yeni d\u00f6nem"},"content":{"rendered":"<p>T \u0130CARET Bakanl\u0131\u011f\u0131, ara\u00e7 kiralama sekt\u00f6r\u00fcnde t\u00fcketiciyi korumay\u0131 ve standartlar\u0131 y\u00fckseltmeyi hedefleyen yeni bir d\u00fczenlemeye haz\u0131rlan\u0131yor. Bu \u00e7er\u00e7evede, \u201cMotorlu Kara Ta\u015f\u0131tlar\u0131n\u0131n Kiralanmas\u0131 Hakk\u0131nda Y\u00f6netmelik Tasla\u011f\u0131\u201dn\u0131 kamuoyu ve sekt\u00f6r\u00fcn g\u00f6r\u00fc\u015f\u00fcne a\u00e7an Bakanl\u0131k; yetki belgesi zorunlulu\u011fundan ya\u015f ve km s\u0131n\u0131r\u0131na, depozitoya \u00fcst limit getirilmesinden kasko bedelinin fiyata dahil edilmesine kadar bir\u00e7ok yeni kural\u0131 devreye alacak.<\/p>\n<p>1 Ocak 2027 itibariyle ge\u00e7erli olmas\u0131 planlanan yeni y\u00f6netmeli\u011fin tasla\u011f\u0131ndan \u00f6ne \u00e7\u0131kanlar \u015fu \u015fekilde:<\/p>\n<p>YETK\u0130 BELGES\u0130<\/p>\n<p>Ara\u00e7 kiralayan her i\u015fletmenin yetki belgesi almas\u0131 zorunlu olacak. Belge i\u00e7in i\u015fletmelerin meslek odas\u0131na kay\u0131tl\u0131 olmas\u0131, i\u015f yerinin ikamet veya ba\u015fka bir mesleki ya da ticari faaliyet amac\u0131yla kullan\u0131lmamas\u0131 ve vergi m\u00fckellefi olmas\u0131 gerekecek.<\/p>\n<p>Kiralama sorumlular\u0131n\u0131n en az ilk\u00f6\u011fretim mezunu olmas\u0131, belirli su\u00e7lardan h\u00fck\u00fcm giymemesi, Mesleki Yeterlilik Kurumu onayl\u0131 \u201cSeviye 4\u201d belgesini ta\u015f\u0131mas\u0131 \u015fart\u0131 da bulunacak.<\/p>\n<p>Kiralama faaliyetleri ile kiralamaya konu ta\u015f\u0131tlar\u0131n, takip ve kontrol\u00fc amac\u0131yla Bakanl\u0131k\u00e7a \u201cMotorlu Kara Ta\u015f\u0131t\u0131 Kiralama Bilgi Sistemi\u201d kurulacak. Yetki belgesi ba\u015fvurular\u0131 ve di\u011fer belgelendirme i\u015flemleri, bu sistem&#8230;<\/p>\n","protected":false},"excerpt":{"rendered":"<p>Ticaret Bakanl\u0131\u011f\u0131 ara\u00e7 kiralama sekt\u00f6r\u00fcne yeni kurallar getirmeye haz\u0131rlan\u0131yor. 1 Ocak 2027\u2019de ba\u015flat\u0131lmas\u0131 planlanan yeni y\u00f6netmeli\u011fin tasla\u011f\u0131na g\u00f6re,&#8230;<\/p>\n","protected":false},"author":2,"featured_media":1033,"comment_status":"open","ping_status":"open","sticky":false,"template":"","format":"standard","meta":{"footnotes":""},"categories":[8,6,5],"tags":[],"class_list":["post-1034","post","type-post","status-publish","format-standard","has-post-thumbnail","hentry","category-arsiv","category-gundem","category-son-dakika"],"_links":{"self":[{"href":"https:\/\/eskigazeteci.com\/index.php?rest_route=\/wp\/v2\/posts\/1034","targetHints":{"allow":["GET"]}}],"collection":[{"href":"https:\/\/eskigazeteci.com\/index.php?rest_route=\/wp\/v2\/posts"}],"about":[{"href":"https:\/\/eskigazeteci.com\/index.php?rest_route=\/wp\/v2\/types\/post"}],"author":[{"embeddable":true,"href":"https:\/\/eskigazeteci.com\/index.php?rest_route=\/wp\/v2\/users\/2"}],"replies":[{"embeddable":true,"href":"https:\/\/eskigazeteci.com\/index.php?rest_route=%2Fwp%2Fv2%2Fcomments&post=1034"}],"version-history":[{"count":0,"href":"https:\/\/eskigazeteci.com\/index.php?rest_route=\/wp\/v2\/posts\/1034\/revisions"}],"wp:featuredmedia":[{"embeddable":true,"href":"https:\/\/eskigazeteci.com\/index.php?rest_route=\/wp\/v2\/media\/1033"}],"wp:attachment":[{"href":"https:\/\/eskigazeteci.com\/index.php?rest_route=%2Fwp%2Fv2%2Fmedia&parent=1034"}],"wp:term":[{"taxonomy":"category","embeddable":true,"href":"https:\/\/eskigazeteci.com\/index.php?rest_route=%2Fwp%2Fv2%2Fcategories&post=1034"},{"taxonomy":"post_tag","embeddable":true,"href":"https:\/\/eskigazeteci.com\/index.php?rest_route=%2Fwp%2Fv2%2Ftags&post=1034"}],"curies":[{"name":"wp","href":"https:\/\/api.w.org\/{rel}","templated":true}]}}