{"id":1030,"date":"2026-02-11T04:28:11","date_gmt":"2026-02-11T04:28:11","guid":{"rendered":"https:\/\/eskigazeteci.com\/?p=1030"},"modified":"2026-02-11T04:28:11","modified_gmt":"2026-02-11T04:28:11","slug":"bir-yudum-ortaklik","status":"publish","type":"post","link":"https:\/\/eskigazeteci.com\/?p=1030","title":{"rendered":"Bir \u2018Yudum\u2019 ortakl\u0131k"},"content":{"rendered":"<p>Yap\u0131lan a\u00e7\u0131klamaya g\u00f6re iki \u015firket aras\u0131nda yap\u0131lan anla\u015fma kapsam\u0131nda; Tiryaki Agro\u2019nun i\u015ftiraki olan Tiryaki Anadolu, Suudi Arabistan merkezli Savola Group\u2019un i\u015ftiraki Savola Foods T\u00fcrkiye\u2019nin y\u00fczde 100\u2019\u00fcn\u00fc sat\u0131n ald\u0131. Bu i\u015flem kapsam\u0131nda Savola Group\u2019un i\u015ftiraki olan Afia International Company de Tiryaki Anadolu\u2019nun konsolide i\u015f yap\u0131s\u0131nda y\u00fczde 15 oran\u0131nda pay sahibi oldu.<\/p>\n<p>\u2018B\u00d6LGEDE FIRSATLAR YARATACAK\u2019<\/p>\n<p>Anla\u015fman\u0131n ard\u0131ndan yaz\u0131l\u0131 a\u00e7\u0131klamada bulunan Tiryaki Agro CEO\u2019su S\u00fcleyman Tiryakio\u011flu, \u015firketin 60\u2019\u0131nc\u0131 ya\u015f\u0131n\u0131 kutlad\u0131\u011f\u0131 d\u00f6nemde stratejik kararlar\u0131n\u0131 uzun vadeli bak\u0131\u015f a\u00e7\u0131s\u0131yla ald\u0131\u011f\u0131n\u0131n alt\u0131n\u0131 \u00e7izdi. Tiryakio\u011flu, \u201cT\u00fcrkiye\u2019den do\u011fan global bir \u015firket olarak yat\u0131r\u0131mlar\u0131m\u0131z\u0131 kararl\u0131l\u0131kla s\u00fcrd\u00fcr\u00fcyoruz. Bu stratejik ortakl\u0131k, s\u00fcrd\u00fcr\u00fclebilir b\u00fcy\u00fcme vizyonumuzun \u00f6nemli bir par\u00e7as\u0131. T\u00fcrkiye\u2019nin ba\u015fta Yudum olmak \u00fczere k\u00f6kl\u00fc markalar\u0131n\u0131 yeniden T\u00fcrkiye merkezli bir grubun \u00e7at\u0131s\u0131 alt\u0131nda bulu\u015fturmak bizim i\u00e7in ayr\u0131 bir mutluluk kayna\u011f\u0131. Amac\u0131m\u0131z, k\u00f6kl\u00fc markalar\u0131 global deneyimimizle bir araya getirerek t\u00fcketicilere daha geni\u015f bir \u00fcr\u00fcn yelpazesi sunmak\u201d diye konu\u015ftu.<\/p>\n<p>2017\u2019de Yudum \u2019u b\u00fcnyesine katan Savola Group\u2019un CEO\u2019su Sameh Hassan ise bu ad\u0131m\u0131n T\u00fcrkiye\u2019nin en ikonik ve g\u00fcvenilir&#8230;<\/p>\n","protected":false},"excerpt":{"rendered":"<p>Tiryaki Agro, ba\u015fta Yudum olmak \u00fczere bitkisel ya\u011f markalar\u0131n\u0131 b\u00fcnyesinde bulunduran Savola Foods T\u00fcrkiye\u2019yi b\u00fcnyesine katt\u0131.<\/p>\n","protected":false},"author":2,"featured_media":1029,"comment_status":"open","ping_status":"open","sticky":false,"template":"","format":"standard","meta":{"footnotes":""},"categories":[8,6,5],"tags":[],"class_list":["post-1030","post","type-post","status-publish","format-standard","has-post-thumbnail","hentry","category-arsiv","category-gundem","category-son-dakika"],"_links":{"self":[{"href":"https:\/\/eskigazeteci.com\/index.php?rest_route=\/wp\/v2\/posts\/1030","targetHints":{"allow":["GET"]}}],"collection":[{"href":"https:\/\/eskigazeteci.com\/index.php?rest_route=\/wp\/v2\/posts"}],"about":[{"href":"https:\/\/eskigazeteci.com\/index.php?rest_route=\/wp\/v2\/types\/post"}],"author":[{"embeddable":true,"href":"https:\/\/eskigazeteci.com\/index.php?rest_route=\/wp\/v2\/users\/2"}],"replies":[{"embeddable":true,"href":"https:\/\/eskigazeteci.com\/index.php?rest_route=%2Fwp%2Fv2%2Fcomments&post=1030"}],"version-history":[{"count":0,"href":"https:\/\/eskigazeteci.com\/index.php?rest_route=\/wp\/v2\/posts\/1030\/revisions"}],"wp:featuredmedia":[{"embeddable":true,"href":"https:\/\/eskigazeteci.com\/index.php?rest_route=\/wp\/v2\/media\/1029"}],"wp:attachment":[{"href":"https:\/\/eskigazeteci.com\/index.php?rest_route=%2Fwp%2Fv2%2Fmedia&parent=1030"}],"wp:term":[{"taxonomy":"category","embeddable":true,"href":"https:\/\/eskigazeteci.com\/index.php?rest_route=%2Fwp%2Fv2%2Fcategories&post=1030"},{"taxonomy":"post_tag","embeddable":true,"href":"https:\/\/eskigazeteci.com\/index.php?rest_route=%2Fwp%2Fv2%2Ftags&post=1030"}],"curies":[{"name":"wp","href":"https:\/\/api.w.org\/{rel}","templated":true}]}}