{"id":1028,"date":"2026-02-11T04:26:39","date_gmt":"2026-02-11T04:26:39","guid":{"rendered":"https:\/\/eskigazeteci.com\/?p=1028"},"modified":"2026-02-11T04:26:39","modified_gmt":"2026-02-11T04:26:39","slug":"vizesiz-ulkelere-akin","status":"publish","type":"post","link":"https:\/\/eskigazeteci.com\/?p=1028","title":{"rendered":"Vizesiz \u00fclkelere ak\u0131n"},"content":{"rendered":"<p>Prontotour\u2019un verilerine g\u00f6re de 2025\u2019te vizeli turlara talep y\u00fczde 43, vizesiz turlara ise y\u00fczde 57 artt\u0131. Bu y\u0131l 29\u2019uncu d\u00fczenlenen EMITT \u2013 Do\u011fu Akdeniz Uluslararas\u0131 Turizm ve Seyahat Fuar\u0131\u2019nda da en b\u00fcy\u00fck ilgiyi vizesiz \u00fclkeler g\u00f6rd\u00fc. H\u00fcrriyet\u2019e konu\u015fan \u00fclke temsilcileri, T\u00fcrkiye\u2019nin ilgisinden memnun olduklar\u0131n\u0131 ve daha fazla turist a\u011f\u0131rlamak istediklerini belirterek \u015funlar\u0131 s\u00f6ylediler:<\/p>\n<p>* Belgrad Turizm Organizasyon M\u00fcd\u00fcr\u00fc Miodrag Popovic, Belgrad\u2019a gelenler listesinde T\u00fcrklerin en \u00fcst s\u0131rada yer ald\u0131\u011f\u0131n\u0131 s\u00f6yledi. Popovic, \u201cDaha fazla T\u00fcrk turist gelmesini isterim. Fiyat olarak T\u00fcrk turistler i\u00e7in uygunuz. Ge\u00e7en sene T\u00fcrkler 500 bin civar\u0131 konaklama yapt\u0131lar. Bu sene de en az 600-650 bin konaklama say\u0131s\u0131 bekliyoruz\u201d dedi.<\/p>\n<p>* Sibirya stand\u0131nda sorular\u0131m\u0131z\u0131 yan\u0131tlayan Svetlana Shmakova, \u201cT\u00fcrkiye\u2019nin turizm potansiyelinden yararlanmak istiyoruz\u201d derken, otellerin gecelik 80 ila 120 dolar aras\u0131nda konaklama imk\u00e2n\u0131 sundu\u011funu vurgulad\u0131.<\/p>\n<p>* Japonya stand\u0131nda g\u00f6revli B\u00fclent Meri\u00e7 de Japon k\u00fclt\u00fcr\u00fcne \u00e7ok ilgi oldu\u011funu ve toplamda 43 milyon turistin Japonya\u2019ya geldi\u011fini belirtti. U\u00e7ak fiyatlar\u0131n\u0131n pahal\u0131 olmas\u0131n\u0131n T\u00fcrkleri zorlad\u0131\u011f\u0131n\u0131 s\u00f6yleyen Meri\u00e7, \u201cBu y\u00fczden K\u00f6rfez \u00fclkelerinden,&#8230;<\/p>\n","protected":false},"excerpt":{"rendered":"<p>Yurtd\u0131\u015f\u0131na giden T\u00fcrk turist say\u0131s\u0131 her y\u0131l art\u0131yor, 2025\u2019te de T\u00fcrkler vize soruna ra\u011fmen y\u00f6n\u00fcn\u00fc yurtd\u0131\u015f\u0131na \u00e7evirdi. T\u00dc\u0130K verilerine g\u00f6re ge\u00e7en y\u0131l&#8230;<\/p>\n","protected":false},"author":2,"featured_media":1027,"comment_status":"open","ping_status":"open","sticky":false,"template":"","format":"standard","meta":{"footnotes":""},"categories":[8,6,5],"tags":[],"class_list":["post-1028","post","type-post","status-publish","format-standard","has-post-thumbnail","hentry","category-arsiv","category-gundem","category-son-dakika"],"_links":{"self":[{"href":"https:\/\/eskigazeteci.com\/index.php?rest_route=\/wp\/v2\/posts\/1028","targetHints":{"allow":["GET"]}}],"collection":[{"href":"https:\/\/eskigazeteci.com\/index.php?rest_route=\/wp\/v2\/posts"}],"about":[{"href":"https:\/\/eskigazeteci.com\/index.php?rest_route=\/wp\/v2\/types\/post"}],"author":[{"embeddable":true,"href":"https:\/\/eskigazeteci.com\/index.php?rest_route=\/wp\/v2\/users\/2"}],"replies":[{"embeddable":true,"href":"https:\/\/eskigazeteci.com\/index.php?rest_route=%2Fwp%2Fv2%2Fcomments&post=1028"}],"version-history":[{"count":0,"href":"https:\/\/eskigazeteci.com\/index.php?rest_route=\/wp\/v2\/posts\/1028\/revisions"}],"wp:featuredmedia":[{"embeddable":true,"href":"https:\/\/eskigazeteci.com\/index.php?rest_route=\/wp\/v2\/media\/1027"}],"wp:attachment":[{"href":"https:\/\/eskigazeteci.com\/index.php?rest_route=%2Fwp%2Fv2%2Fmedia&parent=1028"}],"wp:term":[{"taxonomy":"category","embeddable":true,"href":"https:\/\/eskigazeteci.com\/index.php?rest_route=%2Fwp%2Fv2%2Fcategories&post=1028"},{"taxonomy":"post_tag","embeddable":true,"href":"https:\/\/eskigazeteci.com\/index.php?rest_route=%2Fwp%2Fv2%2Ftags&post=1028"}],"curies":[{"name":"wp","href":"https:\/\/api.w.org\/{rel}","templated":true}]}}