{"id":1024,"date":"2026-02-11T04:23:37","date_gmt":"2026-02-11T04:23:37","guid":{"rendered":"https:\/\/eskigazeteci.com\/?p=1024"},"modified":"2026-02-11T04:23:37","modified_gmt":"2026-02-11T04:23:37","slug":"galatasarayin-super-lig-kariyeri","status":"publish","type":"post","link":"https:\/\/eskigazeteci.com\/?p=1024","title":{"rendered":"Galatasaray&#8217;\u0131n S\u00fcper Lig Kariyeri"},"content":{"rendered":"<p>Galatasaray, S\u00fcper Lig&#x27;de 13 \u015eubat Cuma g\u00fcn\u00fc sahas\u0131nda \u0130y\u00fcpspor&#x27;u a\u011f\u0131rlayacak. Sonraki hafta, 17 \u015eubat \u015eampiyonlar Ligi play-off ilk ma\u00e7\u0131nda evinde Juventus ile kar\u015f\u0131la\u015facak. Ayr\u0131ca 21 \u015eubat Konya deplasman\u0131na gidecek olan Cimbom ve 25 \u015eubat Juventus&#x27;un konu\u011fu olacak.<\/p>\n","protected":false},"excerpt":{"rendered":"<p>\u0130klimin Galatasarayl\u0131 y\u00f6netimine g\u00f6re 12 g\u00fcnde tam 4 ma\u00e7a \u00e7\u0131kacak.<\/p>\n","protected":false},"author":2,"featured_media":1023,"comment_status":"open","ping_status":"open","sticky":false,"template":"","format":"standard","meta":{"footnotes":""},"categories":[8,5,7],"tags":[],"class_list":["post-1024","post","type-post","status-publish","format-standard","has-post-thumbnail","hentry","category-arsiv","category-son-dakika","category-spor"],"_links":{"self":[{"href":"https:\/\/eskigazeteci.com\/index.php?rest_route=\/wp\/v2\/posts\/1024","targetHints":{"allow":["GET"]}}],"collection":[{"href":"https:\/\/eskigazeteci.com\/index.php?rest_route=\/wp\/v2\/posts"}],"about":[{"href":"https:\/\/eskigazeteci.com\/index.php?rest_route=\/wp\/v2\/types\/post"}],"author":[{"embeddable":true,"href":"https:\/\/eskigazeteci.com\/index.php?rest_route=\/wp\/v2\/users\/2"}],"replies":[{"embeddable":true,"href":"https:\/\/eskigazeteci.com\/index.php?rest_route=%2Fwp%2Fv2%2Fcomments&post=1024"}],"version-history":[{"count":0,"href":"https:\/\/eskigazeteci.com\/index.php?rest_route=\/wp\/v2\/posts\/1024\/revisions"}],"wp:featuredmedia":[{"embeddable":true,"href":"https:\/\/eskigazeteci.com\/index.php?rest_route=\/wp\/v2\/media\/1023"}],"wp:attachment":[{"href":"https:\/\/eskigazeteci.com\/index.php?rest_route=%2Fwp%2Fv2%2Fmedia&parent=1024"}],"wp:term":[{"taxonomy":"category","embeddable":true,"href":"https:\/\/eskigazeteci.com\/index.php?rest_route=%2Fwp%2Fv2%2Fcategories&post=1024"},{"taxonomy":"post_tag","embeddable":true,"href":"https:\/\/eskigazeteci.com\/index.php?rest_route=%2Fwp%2Fv2%2Ftags&post=1024"}],"curies":[{"name":"wp","href":"https:\/\/api.w.org\/{rel}","templated":true}]}}