{"id":1022,"date":"2026-02-11T04:22:30","date_gmt":"2026-02-11T04:22:30","guid":{"rendered":"https:\/\/eskigazeteci.com\/?p=1022"},"modified":"2026-02-11T04:22:30","modified_gmt":"2026-02-11T04:22:30","slug":"turk-sporu-turbulanstan-cikti","status":"publish","type":"post","link":"https:\/\/eskigazeteci.com\/?p=1022","title":{"rendered":"T\u00fcrk sporu t\u00fcrb\u00fclanstan \u00e7\u0131kt\u0131!"},"content":{"rendered":"<p>T\u00fcrkiye Futbol Federasyonu (TFF) taraf\u0131ndan d\u00fczenlenen Merkez Hakem Kurulu (MHK) Kokart T\u00f6reni, Riva\u2019daki TFF Tesisleri\u2019nde ger\u00e7ekle\u015ftirildi. Gen\u00e7lik ve Spor Bakan\u0131 Dr. Osman A\u015fk\u0131n Bak, TFF Ba\u015fkan\u0131 \u0130brahim Hac\u0131osmano\u011flu ve MHK Ba\u015fkan\u0131 Dr. Ferhat G\u00fcndo\u011fdu\u2019nun kat\u0131l\u0131m\u0131yla d\u00fczenlenen t\u00f6rende hakemlere yeni kokartlar\u0131 takdim edildi.<\/p>\n<p>HAKEMLERE DESTEK VERMEMiZ LAZIM<\/p>\n<p>TFF Ba\u015fkan\u0131 Hac\u0131osmano\u011flu t\u00f6rende yapt\u0131\u011f\u0131 konu\u015fmada T\u00fcrk futbol ailesinin payda\u015flar\u0131n\u0131 hakemlere destek olmaya davet ederken \u015funlar\u0131 s\u00f6yledi: \u201cT\u00fcrk futbolunu ayd\u0131nl\u0131k yar\u0131nlara ta\u015f\u0131mak i\u00e7in varg\u00fcc\u00fcm\u00fczle \u00e7al\u0131\u015f\u0131yoruz. G\u00f6reve ba\u015flad\u0131\u011f\u0131m ilk g\u00fcnden bu yana hakemlerimize \u2018Kurallar\u0131 adil \u015fekilde uygulay\u0131n, yan\u0131n\u0131zday\u0131z\u2019 dedik. Do\u011fru duvar y\u0131k\u0131lmaz. D\u00fcr\u00fcstl\u00fck bir mesle\u011fin olmazsa olmaz\u0131d\u0131r. Hakemlik erdemiyle \u00f6rt\u00fc\u015fmeyen davran\u0131\u015flarda bulunma gafletine d\u00fc\u015fenlerle yollar\u0131m\u0131z\u0131 ay\u0131rd\u0131k. Bu y\u0131l 36 karde\u015fimiz, FIFA kokart\u0131n\u0131 takacak. MHK Ba\u015fkan\u0131m\u0131z Ferhat G\u00fcndo\u011fdu ve ekibinin yo\u011fun \u00e7al\u0131\u015fmalar\u0131 ve hakemlerimizin de ba\u015far\u0131l\u0131 performanslar\u0131yla bu y\u0131l say\u0131y\u0131 daha da art\u0131racaklar\u0131n\u0131 d\u00fc\u015f\u00fcn\u00fcyoruz.\u201d<\/p>\n<p>S\u00dcPER LiG\u2019DE KADIN HAKEMLERE G\u00d6REV<\/p>\n<p>MHK Ba\u015fkan\u0131 G\u00fcndo\u011fdu da yasa d\u0131\u015f\u0131 bahis s\u00fcrecindeki ihra\u00e7lara de\u011finerek \u201cBu zorlu s\u00fcreci hakemlere duydu\u011fumuz&#8230;<\/p>\n","protected":false},"excerpt":{"rendered":"<p>MHK kokart t\u00f6renine kat\u0131lan Gen\u00e7lik ve Spor Bakan\u0131 Dr. Osman A\u015fk\u0131n Bak, birlik \u00e7a\u011fr\u0131s\u0131 yapt\u0131. Yasa d\u0131\u015f\u0131 bahis soru\u015fturmas\u0131 sonras\u0131 aralar\u0131nda hakemlerin de&#8230;<\/p>\n","protected":false},"author":2,"featured_media":1021,"comment_status":"open","ping_status":"open","sticky":false,"template":"","format":"standard","meta":{"footnotes":""},"categories":[8,5,7],"tags":[],"class_list":["post-1022","post","type-post","status-publish","format-standard","has-post-thumbnail","hentry","category-arsiv","category-son-dakika","category-spor"],"_links":{"self":[{"href":"https:\/\/eskigazeteci.com\/index.php?rest_route=\/wp\/v2\/posts\/1022","targetHints":{"allow":["GET"]}}],"collection":[{"href":"https:\/\/eskigazeteci.com\/index.php?rest_route=\/wp\/v2\/posts"}],"about":[{"href":"https:\/\/eskigazeteci.com\/index.php?rest_route=\/wp\/v2\/types\/post"}],"author":[{"embeddable":true,"href":"https:\/\/eskigazeteci.com\/index.php?rest_route=\/wp\/v2\/users\/2"}],"replies":[{"embeddable":true,"href":"https:\/\/eskigazeteci.com\/index.php?rest_route=%2Fwp%2Fv2%2Fcomments&post=1022"}],"version-history":[{"count":0,"href":"https:\/\/eskigazeteci.com\/index.php?rest_route=\/wp\/v2\/posts\/1022\/revisions"}],"wp:featuredmedia":[{"embeddable":true,"href":"https:\/\/eskigazeteci.com\/index.php?rest_route=\/wp\/v2\/media\/1021"}],"wp:attachment":[{"href":"https:\/\/eskigazeteci.com\/index.php?rest_route=%2Fwp%2Fv2%2Fmedia&parent=1022"}],"wp:term":[{"taxonomy":"category","embeddable":true,"href":"https:\/\/eskigazeteci.com\/index.php?rest_route=%2Fwp%2Fv2%2Fcategories&post=1022"},{"taxonomy":"post_tag","embeddable":true,"href":"https:\/\/eskigazeteci.com\/index.php?rest_route=%2Fwp%2Fv2%2Ftags&post=1022"}],"curies":[{"name":"wp","href":"https:\/\/api.w.org\/{rel}","templated":true}]}}