{"id":1020,"date":"2026-02-11T04:20:58","date_gmt":"2026-02-11T04:20:58","guid":{"rendered":"https:\/\/eskigazeteci.com\/?p=1020"},"modified":"2026-02-11T04:20:58","modified_gmt":"2026-02-11T04:20:58","slug":"futbol-konseyi-galatasarayin-bu-futbolu-sampiyonluk-icin-yetmez","status":"publish","type":"post","link":"https:\/\/eskigazeteci.com\/?p=1020","title":{"rendered":"Futbol Konseyi: &#8216;Galatasaray&#8217;\u0131n bu futbolu \u015fampiyonluk i\u00e7in yetmez!&#8217;"},"content":{"rendered":"<p>H\u00fcrriyet yazarlar\u0131 G\u00fcntekin Onay, Mehmet Arslan, F\u0131rat Ayd\u0131nus ve U\u011fur Meleke, Futbol Konseyi &#x27;nde bu hafta ya\u015fananlar\u0131 masaya yat\u0131rd\u0131.<\/p>\n<p>1-) Be\u015fikta\u015f, Sergen Yal\u00e7\u0131n\u2019la ligde 20 ma\u00e7ta 11. kez puan yitirirken trib\u00fcnler Ersin\u2019i protesto etti ve 3 yeni transfer oynad\u0131. Nas\u0131l buldunuz tak\u0131m\u0131?<\/p>\n<p>U\u011eUR MELEKE: S\u00dcREKLi E\u015eLE\u015eME SORUNLARI YA\u015eIYORLAR<\/p>\n<p>Ma\u00e7 \u00f6n\u00fcnde Pereira\u2019n\u0131n s\u00f6zleri \u00e7ekti dikkatimi. \u201c Be\u015fikta\u015f \u2019\u0131n \u00fc\u00e7l\u00fc savunma oynayan tak\u0131mlara kar\u015f\u0131 ne yapt\u0131\u011f\u0131n\u0131 analiz ettik\u201d dedi Portekizli Hoca. Ger\u00e7ekten de Sergen Yal\u00e7\u0131n\u2019\u0131n \u00fc\u00e7l\u00fc oynayanlara kar\u015f\u0131 hi\u00e7bir taktiksel haz\u0131rl\u0131\u011f\u0131 yokmu\u015f gibi duruyor. S\u00fcrekli e\u015fle\u015fme sorunlar\u0131 ya\u015f\u0131yorlar. G\u00f6ztepe 20 dakikada 2-0 yapm\u0131\u015ft\u0131. Antep 1-0 yapm\u0131\u015ft\u0131. Alanya da 2-0 yapt\u0131. Taktiksel bir zaaf oldu\u011fu ortada.<\/p>\n<p>G\u00dcNTEK\u0130N ONAY: B\u00dcY\u00dcK TAKIM OYUNCUSU B\u00d6YLE HATA YAPMAZ<\/p>\n<p>Sergen Yal\u00e7\u0131n puan kay\u0131plar\u0131n\u0131 bireysel hatalara ba\u011flad\u0131. Ancak Sergen Hoca\u2019n\u0131n \u015funu anlam\u0131yor olmas\u0131 m\u00fcmk\u00fcn de\u011fil: Israrla oynatt\u0131\u011f\u0131 Ersin, G\u00f6khan ve Emirhan bu hatalar\u0131 s\u0131k s\u0131k yapan isimler. B\u00fcy\u00fck tak\u0131mda oynamak y\u00fcksek bir devaml\u0131l\u0131k ve minimum hatay\u0131 gerektirir. E\u011fer bir oyuncu ayn\u0131 hatalar\u0131 s\u00fcrekli yap\u0131yorsa b\u00fcy\u00fck tak\u0131mda bar\u0131namaz. Zaten b\u00fcy\u00fck tak\u0131m oyuncusunu ay\u0131ran da \u00e7ok az hatayla&#8230;<\/p>\n","protected":false},"excerpt":{"rendered":"<p>H\u00fcrriyet yazarlar\u0131 F\u0131rat Ayd\u0131nus, U\u011fur Meleke, G\u00fcntekin Onay ve Mehmet Arslan, Futbol Konseyi&#8217;nde Galatasaray, Fenerbah\u00e7e ve Be\u015fikta\u015f&#8217;\u0131n yeni transferlerini&#8230;<\/p>\n","protected":false},"author":2,"featured_media":1019,"comment_status":"open","ping_status":"open","sticky":false,"template":"","format":"standard","meta":{"footnotes":""},"categories":[8,5,7],"tags":[],"class_list":["post-1020","post","type-post","status-publish","format-standard","has-post-thumbnail","hentry","category-arsiv","category-son-dakika","category-spor"],"_links":{"self":[{"href":"https:\/\/eskigazeteci.com\/index.php?rest_route=\/wp\/v2\/posts\/1020","targetHints":{"allow":["GET"]}}],"collection":[{"href":"https:\/\/eskigazeteci.com\/index.php?rest_route=\/wp\/v2\/posts"}],"about":[{"href":"https:\/\/eskigazeteci.com\/index.php?rest_route=\/wp\/v2\/types\/post"}],"author":[{"embeddable":true,"href":"https:\/\/eskigazeteci.com\/index.php?rest_route=\/wp\/v2\/users\/2"}],"replies":[{"embeddable":true,"href":"https:\/\/eskigazeteci.com\/index.php?rest_route=%2Fwp%2Fv2%2Fcomments&post=1020"}],"version-history":[{"count":0,"href":"https:\/\/eskigazeteci.com\/index.php?rest_route=\/wp\/v2\/posts\/1020\/revisions"}],"wp:featuredmedia":[{"embeddable":true,"href":"https:\/\/eskigazeteci.com\/index.php?rest_route=\/wp\/v2\/media\/1019"}],"wp:attachment":[{"href":"https:\/\/eskigazeteci.com\/index.php?rest_route=%2Fwp%2Fv2%2Fmedia&parent=1020"}],"wp:term":[{"taxonomy":"category","embeddable":true,"href":"https:\/\/eskigazeteci.com\/index.php?rest_route=%2Fwp%2Fv2%2Fcategories&post=1020"},{"taxonomy":"post_tag","embeddable":true,"href":"https:\/\/eskigazeteci.com\/index.php?rest_route=%2Fwp%2Fv2%2Ftags&post=1020"}],"curies":[{"name":"wp","href":"https:\/\/api.w.org\/{rel}","templated":true}]}}