{"id":102,"date":"2026-02-09T09:23:29","date_gmt":"2026-02-09T09:23:29","guid":{"rendered":"https:\/\/eskigazeteci.com\/?p=102"},"modified":"2026-02-09T09:23:29","modified_gmt":"2026-02-09T09:23:29","slug":"haber-26","status":"publish","type":"post","link":"https:\/\/eskigazeteci.com\/?p=102","title":{"rendered":"Haber"},"content":{"rendered":"<p>K ars Valili\u011fi taraf\u0131ndan kentin ve \u00c7\u0131ld\u0131r G\u00f6l\u00fc \u2019n\u00fcn tan\u0131t\u0131m\u0131 amac\u0131yla Arpa\u00e7ay K\u00fct\u00fckev b\u00f6lgesinde \u20182\u2019nci Buz \u015eenli\u011fi \u2019 d\u00fczenlendi. Y\u00fczeyi buzla kapl\u0131 g\u00f6lde ger\u00e7ekle\u015ftirilen etkinliklerde, Kafkas ve y\u00f6resel halk oyunlar\u0131, senkronize buz pateni, buz hokeyi, artistik buz pateni ve s\u00fcrat pateni g\u00f6sterileri yap\u0131ld\u0131.<\/p>\n<p>\u00d6D\u00dcL VER\u0130LD\u0130<\/p>\n<p>Artistik buz pateni sporcular\u0131 \u0130klim \u015eentunal\u0131, Alp T\u00f6re Oval\u0131o\u011flu ve Ya\u011fmur Derin Kevin\u00e7\u2019in y\u00fczeyi buzla kapl\u0131 g\u00f6ldeki performans\u0131 izleyenlerden b\u00fcy\u00fck be\u011feni toplad\u0131. Atl\u0131 k\u0131zak yar\u0131\u015flar\u0131 da izleyenleri heyecanland\u0131rd\u0131. Yar\u0131\u015fmalarda derece giren sporcular\u0131n \u00f6d\u00fcllendirildi\u011fi \u015fenlikte, yerel sanat\u00e7\u0131 Salih Y\u0131lmaz da sahne ald\u0131.<\/p>\n<p>\u0130LK KEZ KAYDIM<\/p>\n<p>Do\u011fal buz pistinde kayman\u0131n heyecan\u0131n\u0131 ya\u015fayan sporculardan Ya\u011fmur Derin Kevin\u00e7, ge\u00e7en y\u0131l da kat\u0131ld\u0131\u011f\u0131 etkinlikteki hislerini \u201cKelimelerle tarif edilemez\u201d diyerek anlatt\u0131. Tak\u0131m\u0131yla ilk kez donmu\u015f bir g\u00f6l \u00fczerinde kayd\u0131\u011f\u0131n\u0131 belirten G\u00fclce Y\u0131lmaz ise standart sahalar\u0131n d\u0131\u015f\u0131nda b\u00f6yle bir atmosferde bulunman\u0131n kendileri i\u00e7in e\u015fsiz bir deneyim oldu\u011funu vurgulad\u0131. 12 ki\u015filik ekibiyle \u015fenli\u011fe kat\u0131lan senkronize buz pateni sporcusu Beren \u00d6lmez de sevdikleriyle buz \u00fcst\u00fcnde olman\u0131n mutlulu\u011funu payla\u015ft\u0131. Buzla kapl\u0131 g\u00f6l \u00fczerinde d\u00fczenlenen festivale Kars Valisi Ziya Polat, AK Parti Milletvekili Adem \u00c7alk\u0131n, yerli ve yabanc\u0131 turistlerin yan\u0131 s\u0131ra \u00e7evre illerden \u00e7ok say\u0131da ziyaret\u00e7i kat\u0131ld\u0131.<\/p>\n<p>T\u00fcrkiye g\u00fcndeminden son dakika haberleri, bug\u00fcn ya\u015fanan en son geli\u015fmeler, siyaset g\u00fcndeminden g\u00fcncel haberler ve b\u00fct\u00fcn son dakika haberleri i\u00e7in H\u00fcrriyet&#x27;in internet haber sitesi hurriyet.com.tr; Hurriyet.com.tr haber i\u00e7erikleri kaynak g\u00f6sterilmeden al\u0131nt\u0131 yap\u0131lamaz, Kanuna ayk\u0131r\u0131 ve izinsiz olarak kopyalanamaz, ba\u015fka yerde yay\u0131nlanamaz.<\/p>\n","protected":false},"excerpt":{"rendered":"<p>Kars\u2019ta y\u00fczeyi tamamen donan \u00c7\u0131ld\u0131r G\u00f6l\u00fc, \u20182\u2019nci Buz \u015eenli\u011fi\u2019 ile renklendi. Festivalde buz pateni, hokey ve Kafkas dans\u0131 g\u00f6sterileri b\u00fcy\u00fcledi. Do\u011fal buz&#8230;<\/p>\n","protected":false},"author":2,"featured_media":101,"comment_status":"open","ping_status":"open","sticky":false,"template":"","format":"standard","meta":{"footnotes":""},"categories":[8,3],"tags":[],"class_list":["post-102","post","type-post","status-publish","format-standard","has-post-thumbnail","hentry","category-arsiv","category-siyaset"],"_links":{"self":[{"href":"https:\/\/eskigazeteci.com\/index.php?rest_route=\/wp\/v2\/posts\/102","targetHints":{"allow":["GET"]}}],"collection":[{"href":"https:\/\/eskigazeteci.com\/index.php?rest_route=\/wp\/v2\/posts"}],"about":[{"href":"https:\/\/eskigazeteci.com\/index.php?rest_route=\/wp\/v2\/types\/post"}],"author":[{"embeddable":true,"href":"https:\/\/eskigazeteci.com\/index.php?rest_route=\/wp\/v2\/users\/2"}],"replies":[{"embeddable":true,"href":"https:\/\/eskigazeteci.com\/index.php?rest_route=%2Fwp%2Fv2%2Fcomments&post=102"}],"version-history":[{"count":0,"href":"https:\/\/eskigazeteci.com\/index.php?rest_route=\/wp\/v2\/posts\/102\/revisions"}],"wp:featuredmedia":[{"embeddable":true,"href":"https:\/\/eskigazeteci.com\/index.php?rest_route=\/wp\/v2\/media\/101"}],"wp:attachment":[{"href":"https:\/\/eskigazeteci.com\/index.php?rest_route=%2Fwp%2Fv2%2Fmedia&parent=102"}],"wp:term":[{"taxonomy":"category","embeddable":true,"href":"https:\/\/eskigazeteci.com\/index.php?rest_route=%2Fwp%2Fv2%2Fcategories&post=102"},{"taxonomy":"post_tag","embeddable":true,"href":"https:\/\/eskigazeteci.com\/index.php?rest_route=%2Fwp%2Fv2%2Ftags&post=102"}],"curies":[{"name":"wp","href":"https:\/\/api.w.org\/{rel}","templated":true}]}}