{"id":1010,"date":"2026-02-11T04:15:25","date_gmt":"2026-02-11T04:15:25","guid":{"rendered":"https:\/\/eskigazeteci.com\/?p=1010"},"modified":"2026-02-11T04:15:25","modified_gmt":"2026-02-11T04:15:25","slug":"mossadin-mermerci-kostebekleri","status":"publish","type":"post","link":"https:\/\/eskigazeteci.com\/?p=1010","title":{"rendered":"MOSSAD\u2019\u0131n \u2018mermerci\u2019 k\u00f6stebekleri"},"content":{"rendered":"<p>G\u00dcVEN\u0130L\u0130R kaynaklardan elde edilen bilgilere g\u00f6re maden m\u00fchendisi olan Mehmet Budak Derya, 2005\u2019te Mersin\u2019de mermer oca\u011f\u0131 a\u00e7t\u0131. D\u00fcnyan\u0131n bir\u00e7ok \u00fclkesine ticaret yapmaya ba\u015flayan Derya, \u0130srail istihbarat servisi MOSSAD\u2019\u0131n da dikkatini \u00e7ekti. Kendisini, \u0130srail\u2019in kurdu\u011fu paravan Avusturya merkezli bir \u015firketin yetkilisi olarak tan\u0131tan Arap uyruklu Ali Ahmed Yass\u0131n, ticaret yapma teklifi ile Mehmet Budak Derya ile 20 Eyl\u00fcl 2012\u2019de telefonla irtibat kurdu. 25 Eyl\u00fcl\u2019de Mehmet Budak Derya\u2019y\u0131 ofisinde ziyaret eden Yass\u0131n \u015firketinin onunla i\u015f yapmak istedi\u011fini s\u00f6yledi. Patronlar\u0131 ile tan\u0131\u015fmas\u0131 i\u00e7in \u0130talya\u2019n\u0131n Roma \u015fehrine davet etti.<\/p>\n<p>ROMA\u2019DA AJANLARLA BULU\u015eMA<\/p>\n<p>9 Ocak 2013\u2019te \u0130talya\u2019n\u0131n Roma \u015fehrine seyahat ederek Luis, Jesus\/Jose ve Dr. Roberto\/Ricardo ismi veya kod isimli s\u00f6zde patronlar olan \u0130srail istihbarat servisi mensuplar\u0131 ile bir araya gelen Derya, burada bu ki\u015filerle ticari konularda g\u00f6r\u00fc\u015fme yapt\u0131. Tan\u0131\u015ft\u0131r\u0131ld\u0131\u011f\u0131 Carol Choue\u0131ry ile ili\u015fki kurarak birlikte mermer ticareti yapmaya ba\u015flad\u0131lar.<\/p>\n<p>B\u0130R CASUS D\u0130\u011eER CASUSU \u0130\u015eE ALDI<\/p>\n<p>Madenci Derya, Roma\u2019da yap\u0131lan g\u00f6r\u00fc\u015fmede Luis isimli ki\u015fiden ald\u0131\u011f\u0131 tavsiye do\u011frultusunda 25-27 \u015eubat 2013\u2019te L\u00fcbnan\u2019a seyahat etti. Ali Ahmed Yass\u0131n\u2019i&#8230;<\/p>\n","protected":false},"excerpt":{"rendered":"<p>Mermer ticareti yapan Mehmet Budak Derya ile \u00e7al\u0131\u015fan\u0131 Veysel Kerimo\u011flu, MOSSAD ajanl\u0131\u011f\u0131ndan tutukland\u0131. \u0130srail istihbarat \u00f6rg\u00fct\u00fcn\u00fcn, Derya\u2019ya oltay\u0131 2012&#8230;<\/p>\n","protected":false},"author":2,"featured_media":1009,"comment_status":"open","ping_status":"open","sticky":false,"template":"","format":"standard","meta":{"footnotes":""},"categories":[8,6,5],"tags":[],"class_list":["post-1010","post","type-post","status-publish","format-standard","has-post-thumbnail","hentry","category-arsiv","category-gundem","category-son-dakika"],"_links":{"self":[{"href":"https:\/\/eskigazeteci.com\/index.php?rest_route=\/wp\/v2\/posts\/1010","targetHints":{"allow":["GET"]}}],"collection":[{"href":"https:\/\/eskigazeteci.com\/index.php?rest_route=\/wp\/v2\/posts"}],"about":[{"href":"https:\/\/eskigazeteci.com\/index.php?rest_route=\/wp\/v2\/types\/post"}],"author":[{"embeddable":true,"href":"https:\/\/eskigazeteci.com\/index.php?rest_route=\/wp\/v2\/users\/2"}],"replies":[{"embeddable":true,"href":"https:\/\/eskigazeteci.com\/index.php?rest_route=%2Fwp%2Fv2%2Fcomments&post=1010"}],"version-history":[{"count":0,"href":"https:\/\/eskigazeteci.com\/index.php?rest_route=\/wp\/v2\/posts\/1010\/revisions"}],"wp:featuredmedia":[{"embeddable":true,"href":"https:\/\/eskigazeteci.com\/index.php?rest_route=\/wp\/v2\/media\/1009"}],"wp:attachment":[{"href":"https:\/\/eskigazeteci.com\/index.php?rest_route=%2Fwp%2Fv2%2Fmedia&parent=1010"}],"wp:term":[{"taxonomy":"category","embeddable":true,"href":"https:\/\/eskigazeteci.com\/index.php?rest_route=%2Fwp%2Fv2%2Fcategories&post=1010"},{"taxonomy":"post_tag","embeddable":true,"href":"https:\/\/eskigazeteci.com\/index.php?rest_route=%2Fwp%2Fv2%2Ftags&post=1010"}],"curies":[{"name":"wp","href":"https:\/\/api.w.org\/{rel}","templated":true}]}}