{"id":1008,"date":"2026-02-11T04:13:53","date_gmt":"2026-02-11T04:13:53","guid":{"rendered":"https:\/\/eskigazeteci.com\/?p=1008"},"modified":"2026-02-11T04:13:53","modified_gmt":"2026-02-11T04:13:53","slug":"adli-emanet-burosu-hirsiz-lardanin-altinlari-caldi","status":"publish","type":"post","link":"https:\/\/eskigazeteci.com\/?p=1008","title":{"rendered":"Adl\u0131 Emanet B\u00fcrosu H\u0131rs\u0131z Lardan\u0131n Alt\u0131nlar\u0131 \u00c7ald\u0131"},"content":{"rendered":"<p>\u015eu anda Adl\u0131 Emanet B\u00fcrosu, h\u0131rs\u0131zl\u0131k ve yasal izlenimleriyle ilgili bir yenidi art\u0131r\u0131ld\u0131. Ankara Bat\u0131 Cumhuriyet Ba\u015fsavc\u0131l\u0131\u011f\u0131&#x27;nca yap\u0131lan a\u00e7\u0131klamaya g\u00f6re, 6 \u015eubat tarihinde bu b\u00fcro, h\u0131rs\u0131zl\u0131klara y\u00f6nelik bir yeniden d\u00fczenlemeyi ba\u015flatm\u0131\u015ft\u0131r.<\/p>\n","protected":false},"excerpt":{"rendered":"<p>Emanete h\u0131yanet etti&#8230; H\u0131rs\u0131z memur alt\u0131nlar\u0131 \u00e7ald\u0131<\/p>\n","protected":false},"author":2,"featured_media":1007,"comment_status":"open","ping_status":"open","sticky":false,"template":"","format":"standard","meta":{"footnotes":""},"categories":[8,6,5],"tags":[],"class_list":["post-1008","post","type-post","status-publish","format-standard","has-post-thumbnail","hentry","category-arsiv","category-gundem","category-son-dakika"],"_links":{"self":[{"href":"https:\/\/eskigazeteci.com\/index.php?rest_route=\/wp\/v2\/posts\/1008","targetHints":{"allow":["GET"]}}],"collection":[{"href":"https:\/\/eskigazeteci.com\/index.php?rest_route=\/wp\/v2\/posts"}],"about":[{"href":"https:\/\/eskigazeteci.com\/index.php?rest_route=\/wp\/v2\/types\/post"}],"author":[{"embeddable":true,"href":"https:\/\/eskigazeteci.com\/index.php?rest_route=\/wp\/v2\/users\/2"}],"replies":[{"embeddable":true,"href":"https:\/\/eskigazeteci.com\/index.php?rest_route=%2Fwp%2Fv2%2Fcomments&post=1008"}],"version-history":[{"count":0,"href":"https:\/\/eskigazeteci.com\/index.php?rest_route=\/wp\/v2\/posts\/1008\/revisions"}],"wp:featuredmedia":[{"embeddable":true,"href":"https:\/\/eskigazeteci.com\/index.php?rest_route=\/wp\/v2\/media\/1007"}],"wp:attachment":[{"href":"https:\/\/eskigazeteci.com\/index.php?rest_route=%2Fwp%2Fv2%2Fmedia&parent=1008"}],"wp:term":[{"taxonomy":"category","embeddable":true,"href":"https:\/\/eskigazeteci.com\/index.php?rest_route=%2Fwp%2Fv2%2Fcategories&post=1008"},{"taxonomy":"post_tag","embeddable":true,"href":"https:\/\/eskigazeteci.com\/index.php?rest_route=%2Fwp%2Fv2%2Ftags&post=1008"}],"curies":[{"name":"wp","href":"https:\/\/api.w.org\/{rel}","templated":true}]}}