{"id":1006,"date":"2026-02-11T04:13:07","date_gmt":"2026-02-11T04:13:07","guid":{"rendered":"https:\/\/eskigazeteci.com\/?p=1006"},"modified":"2026-02-11T04:13:07","modified_gmt":"2026-02-11T04:13:07","slug":"ozel-tartismali-mesajlari-okudu-soylediklerim-kisilik-tespiti","status":"publish","type":"post","link":"https:\/\/eskigazeteci.com\/?p=1006","title":{"rendered":"\u00d6zel, \u2018tart\u0131\u015fmal\u0131\u2019 mesajlar\u0131 okudu: S\u00f6ylediklerim ki\u015filik tespiti"},"content":{"rendered":"<p>CHP Genel Ba\u015fkan\u0131 \u00d6zg\u00fcr \u00d6zel , \u00d6zarslan\u2019\u0131n istifas\u0131n\u0131n ard\u0131ndan g\u00f6zlerin \u00e7evrildi\u011fi Ankara B\u00fcy\u00fck\u015fehir Belediye Ba\u015fkan\u0131 Mansur Yava\u015f ve Ankara\u2019daki il\u00e7e belediye ba\u015fkanlar\u0131n\u0131n da tam kadro kat\u0131ld\u0131klar\u0131 partisinin Meclis grup toplant\u0131s\u0131nda \u00f6zetle \u015funlar\u0131 s\u00f6yledi:<\/p>\n<p>\u0130SPATLA, MAHKEME ORADA<\/p>\n<p>\u201cKe\u00e7i\u00f6ren Belediye Ba\u015fkan\u0131 hakk\u0131nda g\u00f6rev s\u00fcresi boyunca pek \u00e7ok iddia g\u00fcndeme geldi. Kendisini defalarca, \u00fc\u00e7 kez \u00f6zel g\u00fcndemle Genel Merkezimize \u00e7a\u011f\u0131rd\u0131m. Dedim ki \u2018Bu iddialar var, bunlara ne diyorsun?\u2019 \u2018E\u011fer bir kabahatin varsa \u015fimdi s\u00f6yle. Bizim yolsuzluk yapanla i\u015fimiz olmaz. T\u00fcrkiye bize umudunu ba\u011flam\u0131\u015f, e\u011fer korktu\u011fun bir \u015fey varsa, bunu bize s\u00f6yle ve gere\u011fini yap.\u2019 S\u00f6ylenenlerin tamam\u0131n\u0131n iftira oldu\u011funu, asla yolsuzlu\u011fa, h\u0131rs\u0131zl\u0131\u011fa bula\u015fmad\u0131\u011f\u0131n\u0131 \u00f6yle yeminlerle ink\u00e2r etti. \u00d6\u011freniyoruz ki, \u00e7ar\u015famba g\u00fcn\u00fc AK Parti\u2019ye kat\u0131lacak. Telefonlar a\u00e7\u0131l\u0131yor, a\u00e7m\u0131yor, \u015fehirden ka\u00e7\u0131yor. Bunun \u00fczerine kendisine bir g\u00fcn \u00f6nce telefon a\u00e7\u0131yorum, bin bir tane yemin. \u2018Ben \u00f6yle haysiyetsiz miyim? Ben \u00f6yle nokta-nokta m\u0131y\u0131m?\u2019 Ertesi g\u00fcn telefonlar\u0131 kapat\u0131yor. Bunun \u00fczerine de kendisine telefonla ula\u015famad\u0131\u011f\u0131m i\u00e7in kendisine mesaj at\u0131yorum. O mesajlar\u0131 ki, efendim \u2018Anneme k\u00fcfretti.\u2019 H\u00e2\u015f\u00e2. Seni do\u011furan annen utan\u0131r&#8230;.<\/p>\n","protected":false},"excerpt":{"rendered":"<p>\u00d6zg\u00fcr \u00d6zel, partisinden istifa eden Ke\u00e7i\u00f6ren Belediye Ba\u015fkan\u0131 \u00d6zarslan\u2019a att\u0131\u011f\u0131 mesajlar\u0131 k\u00fcrs\u00fcden okuyup, \u201c\u2018Anneme k\u00fcfretti\u2019 diyor. Ha\u015fa! \u2018Seni do\u011furan&#8230;<\/p>\n","protected":false},"author":2,"featured_media":1005,"comment_status":"open","ping_status":"open","sticky":false,"template":"","format":"standard","meta":{"footnotes":""},"categories":[8,6,5],"tags":[],"class_list":["post-1006","post","type-post","status-publish","format-standard","has-post-thumbnail","hentry","category-arsiv","category-gundem","category-son-dakika"],"_links":{"self":[{"href":"https:\/\/eskigazeteci.com\/index.php?rest_route=\/wp\/v2\/posts\/1006","targetHints":{"allow":["GET"]}}],"collection":[{"href":"https:\/\/eskigazeteci.com\/index.php?rest_route=\/wp\/v2\/posts"}],"about":[{"href":"https:\/\/eskigazeteci.com\/index.php?rest_route=\/wp\/v2\/types\/post"}],"author":[{"embeddable":true,"href":"https:\/\/eskigazeteci.com\/index.php?rest_route=\/wp\/v2\/users\/2"}],"replies":[{"embeddable":true,"href":"https:\/\/eskigazeteci.com\/index.php?rest_route=%2Fwp%2Fv2%2Fcomments&post=1006"}],"version-history":[{"count":0,"href":"https:\/\/eskigazeteci.com\/index.php?rest_route=\/wp\/v2\/posts\/1006\/revisions"}],"wp:featuredmedia":[{"embeddable":true,"href":"https:\/\/eskigazeteci.com\/index.php?rest_route=\/wp\/v2\/media\/1005"}],"wp:attachment":[{"href":"https:\/\/eskigazeteci.com\/index.php?rest_route=%2Fwp%2Fv2%2Fmedia&parent=1006"}],"wp:term":[{"taxonomy":"category","embeddable":true,"href":"https:\/\/eskigazeteci.com\/index.php?rest_route=%2Fwp%2Fv2%2Fcategories&post=1006"},{"taxonomy":"post_tag","embeddable":true,"href":"https:\/\/eskigazeteci.com\/index.php?rest_route=%2Fwp%2Fv2%2Ftags&post=1006"}],"curies":[{"name":"wp","href":"https:\/\/api.w.org\/{rel}","templated":true}]}}